{"id":914,"date":"2020-08-16T07:59:28","date_gmt":"2020-08-16T05:59:28","guid":{"rendered":"https:\/\/www.vely-yoga.com\/velyyoga\/?p=914"},"modified":"2020-09-18T13:22:57","modified_gmt":"2020-09-18T11:22:57","slug":"pranayama-selon-patanjali","status":"publish","type":"post","link":"https:\/\/www.vely-yoga.com\/velyyoga\/pranayama-selon-patanjali\/","title":{"rendered":"Energie vitale &#038; respiration : L&rsquo;art du Pranayama selon Patanjali"},"content":{"rendered":"\t\t<div data-elementor-type=\"wp-post\" data-elementor-id=\"914\" class=\"elementor elementor-914\">\n\t\t\t\t\t\t<section class=\"elementor-section elementor-top-section elementor-element elementor-element-94916cb elementor-section-boxed elementor-section-height-default elementor-section-height-default\" data-id=\"94916cb\" data-element_type=\"section\" data-e-type=\"section\">\n\t\t\t\t\t\t<div class=\"elementor-container elementor-column-gap-default\">\n\t\t\t\t\t<div class=\"elementor-column elementor-col-100 elementor-top-column elementor-element elementor-element-54e47ce\" data-id=\"54e47ce\" data-element_type=\"column\" data-e-type=\"column\">\n\t\t\t<div class=\"elementor-widget-wrap elementor-element-populated\">\n\t\t\t\t\t\t<div class=\"elementor-element elementor-element-f7f81c6 elementor-widget elementor-widget-heading\" data-id=\"f7f81c6\" data-element_type=\"widget\" data-e-type=\"widget\" data-widget_type=\"heading.default\">\n\t\t\t\t<div class=\"elementor-widget-container\">\n\t\t\t\t\t<h5 class=\"elementor-heading-title elementor-size-default\">Qu'est-ce que le Pranayama selon la tradition du Raja Yoga ?<\/h5>\t\t\t\t<\/div>\n\t\t\t\t<\/div>\n\t\t\t\t\t<\/div>\n\t\t<\/div>\n\t\t\t\t\t<\/div>\n\t\t<\/section>\n\t\t\t\t<section class=\"elementor-section elementor-top-section elementor-element elementor-element-cd1ec8d elementor-section-boxed elementor-section-height-default elementor-section-height-default\" data-id=\"cd1ec8d\" data-element_type=\"section\" data-e-type=\"section\">\n\t\t\t\t\t\t<div class=\"elementor-container elementor-column-gap-default\">\n\t\t\t\t\t<div class=\"elementor-column elementor-col-100 elementor-top-column elementor-element elementor-element-d49fb9d\" data-id=\"d49fb9d\" data-element_type=\"column\" data-e-type=\"column\">\n\t\t\t<div class=\"elementor-widget-wrap elementor-element-populated\">\n\t\t\t\t\t\t<div class=\"elementor-element elementor-element-32d17e5 elementor-widget elementor-widget-text-editor\" data-id=\"32d17e5\" data-element_type=\"widget\" data-e-type=\"widget\" data-widget_type=\"text-editor.default\">\n\t\t\t\t<div class=\"elementor-widget-container\">\n\t\t\t\t\t\t\t\t\t<p>La respiration est un fondement de notre humanit\u00e9. Malheureusement, elle est souvent laiss\u00e9e de c\u00f4t\u00e9, ignor\u00e9e alors qu&rsquo;elle est le trait d&rsquo;union entre notre corps physique et notre mental. Elle est LA cl\u00e9 pour un mieux-\u00eatre ainsi que pour notre d\u00e9veloppement spirituel.<\/p><p>Cet article de blog reprend &#8211; sous forme de 2 courtes vid\u00e9os &#8211; un atelier\u00a0 qui a \u00e9t\u00e9 donn\u00e9 sur ce sujet fondamental qu&rsquo;est le Pranayama &#8211; ou l&rsquo;art du contr\u00f4le du souffle &#8211; selon l&rsquo;enseignement de Patanjali, auteur du texte de r\u00e9f\u00e9rence en yoga, les Yoga Sutra de Patanjali.<\/p>\t\t\t\t\t\t\t\t<\/div>\n\t\t\t\t<\/div>\n\t\t\t\t<div class=\"elementor-element elementor-element-e5029d4 elementor-widget-divider--view-line elementor-widget elementor-widget-divider\" data-id=\"e5029d4\" data-element_type=\"widget\" data-e-type=\"widget\" data-widget_type=\"divider.default\">\n\t\t\t\t<div class=\"elementor-widget-container\">\n\t\t\t\t\t\t\t<div class=\"elementor-divider\">\n\t\t\t<span class=\"elementor-divider-separator\">\n\t\t\t\t\t\t<\/span>\n\t\t<\/div>\n\t\t\t\t\t\t<\/div>\n\t\t\t\t<\/div>\n\t\t\t\t<div class=\"elementor-element elementor-element-a933b46 elementor-widget elementor-widget-text-editor\" data-id=\"a933b46\" data-element_type=\"widget\" data-e-type=\"widget\" data-widget_type=\"text-editor.default\">\n\t\t\t\t<div class=\"elementor-widget-container\">\n\t\t\t\t\t\t\t\t\t<p><span style=\"text-decoration: underline;\">La structure de cette pr\u00e9sentation est la suivante :\u00a0<\/span><\/p><p><span style=\"text-decoration: underline;\">Dans la vid\u00e9o Partie 1 :<\/span><\/p><ul><li>Contextualisation g\u00e9n\u00e9rale : Qu&rsquo;est ce que le Raja Yoga de Patanjali? En quoi diff\u00e8re-t-il du Hatha Yoga souvent pl\u00e9biscit\u00e9 ?<\/li><li>Le concept de <em>Prana<\/em> selon la tradition indienne. Pr\u00e9sentation succincte de la th\u00e9orie du Pancha Prana<\/li><li>Qu&rsquo;est-ce que le <em>Pranayama<\/em> ? D\u00e9cortication \u00e9tymologique.<\/li><\/ul><p><span style=\"text-decoration: underline;\">Dans la vid\u00e9o Partie 2 (\u00e0 venir) :<\/span><\/p><ul><li>Le Pranayama selon les Sutras de Patanjali : Sutras 49 \u00e0 53 du Pada II.<\/li><\/ul>\t\t\t\t\t\t\t\t<\/div>\n\t\t\t\t<\/div>\n\t\t\t\t<div class=\"elementor-element elementor-element-e911d41 elementor-widget-divider--view-line elementor-widget elementor-widget-divider\" data-id=\"e911d41\" data-element_type=\"widget\" data-e-type=\"widget\" data-widget_type=\"divider.default\">\n\t\t\t\t<div class=\"elementor-widget-container\">\n\t\t\t\t\t\t\t<div class=\"elementor-divider\">\n\t\t\t<span class=\"elementor-divider-separator\">\n\t\t\t\t\t\t<\/span>\n\t\t<\/div>\n\t\t\t\t\t\t<\/div>\n\t\t\t\t<\/div>\n\t\t\t\t\t<\/div>\n\t\t<\/div>\n\t\t\t\t\t<\/div>\n\t\t<\/section>\n\t\t\t\t<section class=\"elementor-section elementor-top-section elementor-element elementor-element-a267808 elementor-section-boxed elementor-section-height-default elementor-section-height-default\" data-id=\"a267808\" data-element_type=\"section\" data-e-type=\"section\">\n\t\t\t\t\t\t<div class=\"elementor-container elementor-column-gap-default\">\n\t\t\t\t\t<div class=\"elementor-column elementor-col-100 elementor-top-column elementor-element elementor-element-ada09a7\" data-id=\"ada09a7\" data-element_type=\"column\" data-e-type=\"column\">\n\t\t\t<div class=\"elementor-widget-wrap elementor-element-populated\">\n\t\t\t\t\t\t<div class=\"elementor-element elementor-element-1941d82 elementor-widget elementor-widget-video\" data-id=\"1941d82\" data-element_type=\"widget\" data-e-type=\"widget\" data-settings=\"{&quot;youtube_url&quot;:&quot;https:\\\/\\\/youtu.be\\\/EWxzshELKe0&quot;,&quot;video_type&quot;:&quot;youtube&quot;,&quot;controls&quot;:&quot;yes&quot;}\" data-widget_type=\"video.default\">\n\t\t\t\t<div class=\"elementor-widget-container\">\n\t\t\t\t\t\t\t<div class=\"elementor-wrapper elementor-open-inline\">\n\t\t\t<div class=\"elementor-video\"><\/div>\t\t<\/div>\n\t\t\t\t\t\t<\/div>\n\t\t\t\t<\/div>\n\t\t\t\t\t<\/div>\n\t\t<\/div>\n\t\t\t\t\t<\/div>\n\t\t<\/section>\n\t\t\t\t<section class=\"elementor-section elementor-top-section elementor-element elementor-element-13a6d83 elementor-section-boxed elementor-section-height-default elementor-section-height-default\" data-id=\"13a6d83\" data-element_type=\"section\" data-e-type=\"section\">\n\t\t\t\t\t\t<div class=\"elementor-container elementor-column-gap-default\">\n\t\t\t\t\t<div class=\"elementor-column elementor-col-100 elementor-top-column elementor-element elementor-element-d44fd16\" data-id=\"d44fd16\" data-element_type=\"column\" data-e-type=\"column\">\n\t\t\t<div class=\"elementor-widget-wrap elementor-element-populated\">\n\t\t\t\t\t\t<div class=\"elementor-element elementor-element-381a2bf elementor-widget elementor-widget-video\" data-id=\"381a2bf\" data-element_type=\"widget\" data-e-type=\"widget\" data-settings=\"{&quot;youtube_url&quot;:&quot;https:\\\/\\\/youtu.be\\\/XLI5Mn4yxw0&quot;,&quot;video_type&quot;:&quot;youtube&quot;,&quot;controls&quot;:&quot;yes&quot;}\" data-widget_type=\"video.default\">\n\t\t\t\t<div class=\"elementor-widget-container\">\n\t\t\t\t\t\t\t<div class=\"elementor-wrapper elementor-open-inline\">\n\t\t\t<div class=\"elementor-video\"><\/div>\t\t<\/div>\n\t\t\t\t\t\t<\/div>\n\t\t\t\t<\/div>\n\t\t\t\t\t<\/div>\n\t\t<\/div>\n\t\t\t\t\t<\/div>\n\t\t<\/section>\n\t\t\t\t<\/div>\n\t\t","protected":false},"excerpt":{"rendered":"<p>Qu&rsquo;est-ce que le Pranayama selon la tradition du Raja Yoga ? La respiration est un fondement de notre humanit\u00e9. Malheureusement, elle est souvent laiss\u00e9e de c\u00f4t\u00e9, ignor\u00e9e alors qu&rsquo;elle est le trait d&rsquo;union entre notre corps physique et notre mental. Elle est LA cl\u00e9 pour un mieux-\u00eatre ainsi que pour notre d\u00e9veloppement spirituel. Cet article [&hellip;]<\/p>\n","protected":false},"author":2,"featured_media":0,"comment_status":"open","ping_status":"open","sticky":false,"template":"","format":"standard","meta":{"_jetpack_memberships_contains_paid_content":false,"footnotes":""},"categories":[1],"tags":[],"class_list":["post-914","post","type-post","status-publish","format-standard","hentry","category-non-classe"],"aioseo_notices":[],"jetpack_featured_media_url":"","jetpack_sharing_enabled":true,"_links":{"self":[{"href":"https:\/\/www.vely-yoga.com\/velyyoga\/wp-json\/wp\/v2\/posts\/914","targetHints":{"allow":["GET"]}}],"collection":[{"href":"https:\/\/www.vely-yoga.com\/velyyoga\/wp-json\/wp\/v2\/posts"}],"about":[{"href":"https:\/\/www.vely-yoga.com\/velyyoga\/wp-json\/wp\/v2\/types\/post"}],"author":[{"embeddable":true,"href":"https:\/\/www.vely-yoga.com\/velyyoga\/wp-json\/wp\/v2\/users\/2"}],"replies":[{"embeddable":true,"href":"https:\/\/www.vely-yoga.com\/velyyoga\/wp-json\/wp\/v2\/comments?post=914"}],"version-history":[{"count":0,"href":"https:\/\/www.vely-yoga.com\/velyyoga\/wp-json\/wp\/v2\/posts\/914\/revisions"}],"wp:attachment":[{"href":"https:\/\/www.vely-yoga.com\/velyyoga\/wp-json\/wp\/v2\/media?parent=914"}],"wp:term":[{"taxonomy":"category","embeddable":true,"href":"https:\/\/www.vely-yoga.com\/velyyoga\/wp-json\/wp\/v2\/categories?post=914"},{"taxonomy":"post_tag","embeddable":true,"href":"https:\/\/www.vely-yoga.com\/velyyoga\/wp-json\/wp\/v2\/tags?post=914"}],"curies":[{"name":"wp","href":"https:\/\/api.w.org\/{rel}","templated":true}]}}