{"id":694,"date":"2020-06-07T09:10:06","date_gmt":"2020-06-07T07:10:06","guid":{"rendered":"http:\/\/www.vely-yoga.com\/velyyoga\/?p=694"},"modified":"2020-08-16T08:29:38","modified_gmt":"2020-08-16T06:29:38","slug":"energie-centrage-flexions-yogasana","status":"publish","type":"post","link":"https:\/\/www.vely-yoga.com\/velyyoga\/energie-centrage-flexions-yogasana\/","title":{"rendered":"Les flexions en yog\u00e2sana : Pourquoi et comment ?"},"content":{"rendered":"\t\t<div data-elementor-type=\"wp-post\" data-elementor-id=\"694\" class=\"elementor elementor-694\">\n\t\t\t\t\t\t<section class=\"elementor-section elementor-top-section elementor-element elementor-element-2353a6e elementor-section-boxed elementor-section-height-default elementor-section-height-default\" data-id=\"2353a6e\" data-element_type=\"section\" data-e-type=\"section\" data-settings=\"{&quot;background_background&quot;:&quot;classic&quot;}\">\n\t\t\t\t\t\t<div class=\"elementor-container elementor-column-gap-default\">\n\t\t\t\t\t<div class=\"elementor-column elementor-col-100 elementor-top-column elementor-element elementor-element-3114ee9\" data-id=\"3114ee9\" data-element_type=\"column\" data-e-type=\"column\">\n\t\t\t<div class=\"elementor-widget-wrap elementor-element-populated\">\n\t\t\t\t\t\t<div class=\"elementor-element elementor-element-d75fec4 elementor-widget elementor-widget-heading\" data-id=\"d75fec4\" data-element_type=\"widget\" data-e-type=\"widget\" data-widget_type=\"heading.default\">\n\t\t\t\t<div class=\"elementor-widget-container\">\n\t\t\t\t\t<h5 class=\"elementor-heading-title elementor-size-default\">Energie &amp; (re-)centrage : Les flexions en Yog\u00e2sana.<\/h5>\t\t\t\t<\/div>\n\t\t\t\t<\/div>\n\t\t\t\t<div class=\"elementor-element elementor-element-6fc6e2f elementor-widget elementor-widget-text-editor\" data-id=\"6fc6e2f\" data-element_type=\"widget\" data-e-type=\"widget\" data-widget_type=\"text-editor.default\">\n\t\t\t\t<div class=\"elementor-widget-container\">\n\t\t\t\t\t\t\t\t\t<p>Bonjour,<\/p><p>Sujet fondamental dans la pratique du yoga: l&rsquo;\u00e9nergie et le (re-)centrage sur soi.<\/p><p>A y regarder de plus pr\u00e8s, ces 2 mots pourraient \u00e0 eux seuls proposer une d\u00e9finition du yoga :<i> \u00ab\u00a0Le yoga est un travail sur les \u00e9nergies du corps visant \u00e0 permettre \u00e0 l&rsquo;adepte de se recentrer sur soi\u00a0\u00bb.<\/i><\/p><p>Du coup, l&rsquo;\u00e9nergie et la question du recentrage, en plus d&rsquo;\u00eatre des sujets fondamentaux en yoga sont \u00e9galement tr\u00e8s vastes et peuvent nous emmener dans de multiples directions. Du coup, je vous propose de l&rsquo;aborder de mani\u00e8re pragmatique, via les mouvements de flexions, lesquels font partie int\u00e9grante de la pratique posturale.<\/p><p>Tout d&rsquo;abord, reconnaissons que les flexions en yoga sont presque un symbole de cet art tellement on les voit partout\u2026 Elles sont en effet monnaie courante dans la pratique des postures: Debout, assis, couch\u00e9 sur le dos, \u00e0 genoux\u2026 on les pratique dans tous les sens.<\/p><p><span style=\"text-decoration: underline;\">Mais pourquoi ?<\/span><\/p><p>A des fins de simplifications et pour me permettre de vous emmener l\u00e0 o\u00f9 je le veux, disons que les flexions ont pour vocation de centraliser les \u00e9nergies du corps en un endroit bien particulier : la r\u00e9gion du bassin.<\/p><p>Et quand on parle \u00e9nergie dans le yoga, on parle n\u00e9cessairement <i>Pr\u00e2na<\/i> et <i>Chakra<\/i>.<\/p><p><span style=\"text-decoration: underline;\">Qu&rsquo;est-ce que le <i>Pr\u00e2na<\/i> ?<\/span><\/p><p>Le Pr\u00e2na est l&rsquo;\u00e9nergie vitale, celle qui est pr\u00e9sente dans les moindres recoins de notre corps, mais qui est \u00e9galement pr\u00e9sente partout. Les indiens disent que l&rsquo;univers est <i>Pr\u00e2na<\/i>, que la r\u00e9alit\u00e9 ultime, <i>Brahman,<\/i> est <i>Pr\u00e2na<\/i>. Tout ce que nous percevons, voyons, touchons, sentons,\u2026etc est <i>Pr\u00e2na<\/i>, l&rsquo;\u00e9nergie vitale.<\/p><p><span style=\"text-decoration: underline;\">Que sont les <i>chakras<\/i> ?<\/span><\/p><p>Alors, je ne vais pas rentrer dans tous les d\u00e9tails des <i>chakras<\/i> dans cet article. Disons, pour faire simple, que ce sont des endroits strat\u00e9giques dans laquelle l&rsquo;\u00e9nergie est mobilis\u00e9e de mani\u00e8re particuli\u00e8re. Au nombre de 7, ils sont des lieux d&rsquo;exploration et de mobilisation du <i>Pr\u00e2na<\/i> au sein du corps humain. Ils sont situ\u00e9s dans l&rsquo;axe vertical qui se dessine depuis la base de la colonne vert\u00e9brale, le sacrum, jusqu&rsquo;au sommet de la t\u00eate.<\/p><p><span style=\"text-decoration: underline;\">La pratique posturale, le <i>Pr\u00e2na<\/i> et les <i>chakras<\/i><\/span><\/p><p>Les <i>\u00e2sanas<\/i> &#8211; ce n&rsquo;est pas une r\u00e9v\u00e9lation pour toute personne qui pratique le <i>yog\u00e2sana<\/i> &#8211; travaillent notamment au niveau \u00e9nerg\u00e9tique. Dans la posture &#8211; l&rsquo;<i>\u00e2sana<\/i>, l&rsquo;\u00e9nergie vitale (le <i>pr\u00e2na<\/i>) est ressenti, sensation, \u00e9veil de la sensibilit\u00e9 et de la conscience. Le yoga, fondamentalement, est sensibilit\u00e9 et conscience, au-del\u00e0 des mots et du mental.<\/p><p>Le travail postural est donc envisag\u00e9 comme un moyen, un outil pour le d\u00e9veloppement de la conscience et du ressenti. La posture, \u00e0 son niveau, ouvre au \u00ab\u00a0recentrage\u00a0\u00bb du pratiquant sur des perceptions plus subtiles que celles qui sont les sienne dans son quotidien. Le mouvement, les positions du corps physique, et surtout l&rsquo;attitude adopt\u00e9e durant la pratique\u00a0 &#8211; que j&rsquo;appelle g\u00e9n\u00e9ralement la disponibilit\u00e9 &#8211; y concourent.<\/p><p>Et ce travail postural vise notamment \u00e0 ressentir, stimuler et finalement \u00e9veiller les 7 centres \u00e9nerg\u00e9tiques que sont les <i>chakras<\/i>.<\/p><p><span style=\"text-decoration: underline;\">Les flexions dans les <i>\u00c2sanas<\/i> :<\/span><\/p><p>La flexion est l&rsquo;un des mouvements qui vise \u00e0 ce d\u00e9veloppement sensoriel et perceptif. Plus particuli\u00e8rement, il vise \u00e0 travailler sur les 3 premiers <i>chakras<\/i> situ\u00e9 dans la r\u00e9gion du bassin et du bas ventre.<\/p><p>En ce sens, les flexions font parties des premiers mouvements d&rsquo;\u00e9veil des \u00e9nergies latentes dans le corps humain.<\/p><p>Via des positions particuli\u00e8res du corps physique, l&rsquo;\u00e9nergie (le <i>Pr\u00e2na<\/i>) est stimul\u00e9.<\/p><p>Dans la flexions tout comme dans toutes les postures, le maintien de la posture est fondamental. Une fois le mouvement de flexion effectu\u00e9, il importe d&rsquo;immobiliser le corps afin de permettre au <i>Pr\u00e2na<\/i> de devenir, aux yeux du pratiquant, ressenti et conscience. C\u2019est d\u00e8s lors dans une attitude de don de soi &#8211; \u00ab\u00a0on arr\u00eate d&rsquo;essayer d&rsquo;aller plus loin\u00a0\u00bb; \u00ab\u00a0on se donne \u00e0 l&rsquo;instant\u00a0\u00bb; \u00ab\u00a0on accueille ce qui est\u00a0\u00bb &#8211; qui s&rsquo;installe dans le maintien de la posture que l&rsquo;<i>\u00e2sana<\/i> devient \u00e9veil \u00e9nerg\u00e9tique et recentrage. C&rsquo;est \u00e0 ce moment-l\u00e0 que l&rsquo;<i>\u00e2sana<\/i> devient yoga (union).<\/p>\t\t\t\t\t\t\t\t<\/div>\n\t\t\t\t<\/div>\n\t\t\t\t<div class=\"elementor-element elementor-element-81ab756 elementor-widget-divider--view-line elementor-widget elementor-widget-divider\" data-id=\"81ab756\" data-element_type=\"widget\" data-e-type=\"widget\" data-widget_type=\"divider.default\">\n\t\t\t\t<div class=\"elementor-widget-container\">\n\t\t\t\t\t\t\t<div class=\"elementor-divider\">\n\t\t\t<span class=\"elementor-divider-separator\">\n\t\t\t\t\t\t<\/span>\n\t\t<\/div>\n\t\t\t\t\t\t<\/div>\n\t\t\t\t<\/div>\n\t\t\t\t<div class=\"elementor-element elementor-element-3a6a249 elementor-widget elementor-widget-heading\" data-id=\"3a6a249\" data-element_type=\"widget\" data-e-type=\"widget\" data-widget_type=\"heading.default\">\n\t\t\t\t<div class=\"elementor-widget-container\">\n\t\t\t\t\t<h6 class=\"elementor-heading-title elementor-size-default\">Vid\u00e9o de pr\u00e9sentation de la technique<\/h6>\t\t\t\t<\/div>\n\t\t\t\t<\/div>\n\t\t\t\t<div class=\"elementor-element elementor-element-0a989d5 elementor-widget elementor-widget-text-editor\" data-id=\"0a989d5\" data-element_type=\"widget\" data-e-type=\"widget\" data-widget_type=\"text-editor.default\">\n\t\t\t\t<div class=\"elementor-widget-container\">\n\t\t\t\t\t\t\t\t\t<p>Dans cette vid\u00e9o, je propose une d\u00e9marche progressive et qui invite \u00e0 tenir compte de la &lsquo;fonctionnalit\u00e9&rsquo; du corps de chacun ainsi que de ses limites.<\/p><p>Des exercices sur les flexions sont propos\u00e9s en position debout, assise et couch\u00e9 sur le dos.<\/p><p>\u00a0<\/p>\t\t\t\t\t\t\t\t<\/div>\n\t\t\t\t<\/div>\n\t\t\t\t<div class=\"elementor-element elementor-element-d803e2c elementor-widget elementor-widget-video\" data-id=\"d803e2c\" data-element_type=\"widget\" data-e-type=\"widget\" data-settings=\"{&quot;youtube_url&quot;:&quot;https:\\\/\\\/youtu.be\\\/0shhHRlRRao&quot;,&quot;video_type&quot;:&quot;youtube&quot;,&quot;controls&quot;:&quot;yes&quot;}\" data-widget_type=\"video.default\">\n\t\t\t\t<div class=\"elementor-widget-container\">\n\t\t\t\t\t\t\t<div class=\"elementor-wrapper elementor-open-inline\">\n\t\t\t<div class=\"elementor-video\"><\/div>\t\t<\/div>\n\t\t\t\t\t\t<\/div>\n\t\t\t\t<\/div>\n\t\t\t\t\t<\/div>\n\t\t<\/div>\n\t\t\t\t\t<\/div>\n\t\t<\/section>\n\t\t\t\t<\/div>\n\t\t","protected":false},"excerpt":{"rendered":"<p>Energie &amp; (re-)centrage : Les flexions en Yog\u00e2sana. Bonjour, Sujet fondamental dans la pratique du yoga: l&rsquo;\u00e9nergie et le (re-)centrage sur soi. A y regarder de plus pr\u00e8s, ces 2 mots pourraient \u00e0 eux seuls proposer une d\u00e9finition du yoga : \u00ab\u00a0Le yoga est un travail sur les \u00e9nergies du corps visant \u00e0 permettre \u00e0 [&hellip;]<\/p>\n","protected":false},"author":2,"featured_media":0,"comment_status":"open","ping_status":"open","sticky":false,"template":"","format":"standard","meta":{"_jetpack_memberships_contains_paid_content":false,"footnotes":""},"categories":[1],"tags":[],"class_list":["post-694","post","type-post","status-publish","format-standard","hentry","category-non-classe"],"aioseo_notices":[],"jetpack_featured_media_url":"","jetpack_sharing_enabled":true,"_links":{"self":[{"href":"https:\/\/www.vely-yoga.com\/velyyoga\/wp-json\/wp\/v2\/posts\/694","targetHints":{"allow":["GET"]}}],"collection":[{"href":"https:\/\/www.vely-yoga.com\/velyyoga\/wp-json\/wp\/v2\/posts"}],"about":[{"href":"https:\/\/www.vely-yoga.com\/velyyoga\/wp-json\/wp\/v2\/types\/post"}],"author":[{"embeddable":true,"href":"https:\/\/www.vely-yoga.com\/velyyoga\/wp-json\/wp\/v2\/users\/2"}],"replies":[{"embeddable":true,"href":"https:\/\/www.vely-yoga.com\/velyyoga\/wp-json\/wp\/v2\/comments?post=694"}],"version-history":[{"count":0,"href":"https:\/\/www.vely-yoga.com\/velyyoga\/wp-json\/wp\/v2\/posts\/694\/revisions"}],"wp:attachment":[{"href":"https:\/\/www.vely-yoga.com\/velyyoga\/wp-json\/wp\/v2\/media?parent=694"}],"wp:term":[{"taxonomy":"category","embeddable":true,"href":"https:\/\/www.vely-yoga.com\/velyyoga\/wp-json\/wp\/v2\/categories?post=694"},{"taxonomy":"post_tag","embeddable":true,"href":"https:\/\/www.vely-yoga.com\/velyyoga\/wp-json\/wp\/v2\/tags?post=694"}],"curies":[{"name":"wp","href":"https:\/\/api.w.org\/{rel}","templated":true}]}}